{"id":1613,"date":"2018-02-24T10:24:23","date_gmt":"2018-02-24T09:24:23","guid":{"rendered":"http:\/\/sv-turm-kamp-lintfort.com\/?p=1613"},"modified":"2018-02-24T10:24:23","modified_gmt":"2018-02-24T09:24:23","slug":"sm-2018-auslosung-runde-6","status":"publish","type":"post","link":"https:\/\/sv-turm-kamp-lintfort.com\/?p=1613","title":{"rendered":"SM 2018 &#8211; Auslosung Runde 6"},"content":{"rendered":"<table width=\"368\">\n<tbody>\n<tr>\n<td style=\"text-align: center;\" width=\"46\"><strong>Tisch<\/strong><\/td>\n<td width=\"192\"><strong>Wei\u00df<\/strong><\/td>\n<td width=\"130\"><strong>Schwarz<\/strong><\/td>\n<\/tr>\n<tr>\n<td style=\"text-align: center;\">1<\/td>\n<td>Nurkowski-B\u00fcrkle<\/td>\n<td>Westermann<\/td>\n<\/tr>\n<tr>\n<td style=\"text-align: center;\">2<\/td>\n<td>Gramb<\/td>\n<td>Ratering<\/td>\n<\/tr>\n<tr>\n<td style=\"text-align: center;\">3<\/td>\n<td>Esser<\/td>\n<td>Br\u00e4hler<\/td>\n<\/tr>\n<tr>\n<td style=\"text-align: center;\">4<\/td>\n<td>Marganiec<\/td>\n<td>Vasiljev<\/td>\n<\/tr>\n<tr>\n<td style=\"text-align: center;\">5<\/td>\n<td>Kammann<\/td>\n<td>Remek<\/td>\n<\/tr>\n<tr>\n<td style=\"text-align: center;\">6<\/td>\n<td>Brandenbusch<\/td>\n<td>Hartjes, J.<\/td>\n<\/tr>\n<tr>\n<td style=\"text-align: center;\">7<\/td>\n<td>Dickmann<\/td>\n<td>Klapwijk<\/td>\n<\/tr>\n<tr>\n<td style=\"text-align: center;\">8<\/td>\n<td>Rades<\/td>\n<td>Engels<\/td>\n<\/tr>\n<tr>\n<td style=\"text-align: center;\">9<\/td>\n<td>Hauser<\/td>\n<td>Hartjes,S.<\/td>\n<\/tr>\n<\/tbody>\n<\/table>\n","protected":false},"excerpt":{"rendered":"<p>Tisch Wei\u00df Schwarz 1 Nurkowski-B\u00fcrkle Westermann 2 Gramb Ratering 3 Esser Br\u00e4hler 4 Marganiec Vasiljev 5 Kammann Remek 6 Brandenbusch Hartjes, J. 7 Dickmann Klapwijk 8 Rades Engels 9 Hauser Hartjes,S.<\/p>\n","protected":false},"author":1,"featured_media":0,"comment_status":"closed","ping_status":"open","sticky":false,"template":"","format":"standard","meta":{"_acf_changed":false,"footnotes":""},"categories":[7],"tags":[],"class_list":["post-1613","post","type-post","status-publish","format-standard","hentry","category-stadtmeisterschaft"],"acf":[],"_links":{"self":[{"href":"https:\/\/sv-turm-kamp-lintfort.com\/index.php?rest_route=\/wp\/v2\/posts\/1613","targetHints":{"allow":["GET"]}}],"collection":[{"href":"https:\/\/sv-turm-kamp-lintfort.com\/index.php?rest_route=\/wp\/v2\/posts"}],"about":[{"href":"https:\/\/sv-turm-kamp-lintfort.com\/index.php?rest_route=\/wp\/v2\/types\/post"}],"author":[{"embeddable":true,"href":"https:\/\/sv-turm-kamp-lintfort.com\/index.php?rest_route=\/wp\/v2\/users\/1"}],"replies":[{"embeddable":true,"href":"https:\/\/sv-turm-kamp-lintfort.com\/index.php?rest_route=%2Fwp%2Fv2%2Fcomments&post=1613"}],"version-history":[{"count":0,"href":"https:\/\/sv-turm-kamp-lintfort.com\/index.php?rest_route=\/wp\/v2\/posts\/1613\/revisions"}],"wp:attachment":[{"href":"https:\/\/sv-turm-kamp-lintfort.com\/index.php?rest_route=%2Fwp%2Fv2%2Fmedia&parent=1613"}],"wp:term":[{"taxonomy":"category","embeddable":true,"href":"https:\/\/sv-turm-kamp-lintfort.com\/index.php?rest_route=%2Fwp%2Fv2%2Fcategories&post=1613"},{"taxonomy":"post_tag","embeddable":true,"href":"https:\/\/sv-turm-kamp-lintfort.com\/index.php?rest_route=%2Fwp%2Fv2%2Ftags&post=1613"}],"curies":[{"name":"wp","href":"https:\/\/api.w.org\/{rel}","templated":true}]}}