{"id":2266,"date":"2019-02-02T03:58:11","date_gmt":"2019-02-02T02:58:11","guid":{"rendered":"http:\/\/sv-turm-kamp-lintfort.com\/?p=2266"},"modified":"2019-02-02T03:58:11","modified_gmt":"2019-02-02T02:58:11","slug":"eugen-hatte-geburtstag","status":"publish","type":"post","link":"https:\/\/sv-turm-kamp-lintfort.com\/?p=2266","title":{"rendered":"Eugen hatte Geburtstag"},"content":{"rendered":"\n<p>Eugen hatte Ende Januar Geburtstag und zu einer gem\u00fctlichen Runde zu Kaffee und Kuchen eingeladen. Mit seinen G\u00e4sten aus Familie, Schach- und Doppelkopfverein wurde es ein sch\u00f6ner und lustiger Nachmittag. Eugen war gut drauf und hielt mehr als 3 Stunden tapfer durch. Seine obligatorischen Flirts mit dem weiblichen AWO-Personal waren ebenso erheiternd wie seine flapsigen und lustigen Spr\u00fcche; wie zu seinen besten Zeiten und wie wir ihn seit jeher kennen. Dieser sch\u00f6ne Nachmittag schreit nach einer Wiederholung, auch ohne konkretem Anlass.<\/p>\n\n\n\n<figure class=\"wp-block-image\"><img decoding=\"async\" src=\"http:\/\/sv-turm-kamp-lintfort.com\/wp-content\/uploads\/2019\/02\/4239cd4d-ed44-4d11-9cbe-304e8e0442c2.jpg\" alt=\"\" class=\"wp-image-2265\"\/><\/figure>\n\n\n\n<figure class=\"wp-block-image\"><img decoding=\"async\" src=\"http:\/\/sv-turm-kamp-lintfort.com\/wp-content\/uploads\/2019\/02\/85c82be0-3a71-4785-b7b7-91a30c340088.jpg\" alt=\"\" class=\"wp-image-2262\"\/><\/figure>\n\n\n\n<figure class=\"wp-block-image\"><img decoding=\"async\" src=\"http:\/\/sv-turm-kamp-lintfort.com\/wp-content\/uploads\/2019\/02\/5b6e536d-8de9-4d5a-9262-0b0f4ddfb144.jpg\" alt=\"\" class=\"wp-image-2261\"\/><\/figure>\n\n\n\n<figure class=\"wp-block-image\"><img decoding=\"async\" src=\"http:\/\/sv-turm-kamp-lintfort.com\/wp-content\/uploads\/2019\/02\/2bca145a-88ec-4b52-9cd6-c58e86e95682.jpg\" alt=\"\" class=\"wp-image-2260\"\/><\/figure>\n\n\n\n<p>Und \u00fcbrigens: \u00dcber Besuch freut sich Eugen jederzeit. Ob man mit ihm Backgammon, Schach oder ne Runde Doko spielt oder einfach nur ein kleines &#8220;Qu\u00e4tschken&#8221; h\u00e4lt, f\u00fcr alles ist Eugen zu haben.<\/p>\n\n\n\n<p>Wer ihn also besuchen m\u00f6chte, findet ihn im AWO-Seniorenzentrum in der Markgrafenstr. 11 in 47475 Kamp-Lintfort.<\/p>\n\n\n\n<p><\/p>\n","protected":false},"excerpt":{"rendered":"<p>Eugen hatte Ende Januar Geburtstag und zu einer gem\u00fctlichen Runde zu Kaffee und Kuchen eingeladen. Mit seinen G\u00e4sten aus Familie, Schach- und Doppelkopfverein wurde es ein sch\u00f6ner und lustiger Nachmittag. Eugen war gut drauf und hielt mehr als 3 Stunden tapfer durch. Seine obligatorischen Flirts mit dem weiblichen AWO-Personal waren ebenso erheiternd wie seine flapsigen [&hellip;]<\/p>\n","protected":false},"author":1,"featured_media":0,"comment_status":"closed","ping_status":"open","sticky":false,"template":"","format":"standard","meta":{"_acf_changed":false,"footnotes":""},"categories":[10,12],"tags":[],"class_list":["post-2266","post","type-post","status-publish","format-standard","hentry","category-veranstaltungen","category-vereinsnews"],"acf":[],"_links":{"self":[{"href":"https:\/\/sv-turm-kamp-lintfort.com\/index.php?rest_route=\/wp\/v2\/posts\/2266","targetHints":{"allow":["GET"]}}],"collection":[{"href":"https:\/\/sv-turm-kamp-lintfort.com\/index.php?rest_route=\/wp\/v2\/posts"}],"about":[{"href":"https:\/\/sv-turm-kamp-lintfort.com\/index.php?rest_route=\/wp\/v2\/types\/post"}],"author":[{"embeddable":true,"href":"https:\/\/sv-turm-kamp-lintfort.com\/index.php?rest_route=\/wp\/v2\/users\/1"}],"replies":[{"embeddable":true,"href":"https:\/\/sv-turm-kamp-lintfort.com\/index.php?rest_route=%2Fwp%2Fv2%2Fcomments&post=2266"}],"version-history":[{"count":0,"href":"https:\/\/sv-turm-kamp-lintfort.com\/index.php?rest_route=\/wp\/v2\/posts\/2266\/revisions"}],"wp:attachment":[{"href":"https:\/\/sv-turm-kamp-lintfort.com\/index.php?rest_route=%2Fwp%2Fv2%2Fmedia&parent=2266"}],"wp:term":[{"taxonomy":"category","embeddable":true,"href":"https:\/\/sv-turm-kamp-lintfort.com\/index.php?rest_route=%2Fwp%2Fv2%2Fcategories&post=2266"},{"taxonomy":"post_tag","embeddable":true,"href":"https:\/\/sv-turm-kamp-lintfort.com\/index.php?rest_route=%2Fwp%2Fv2%2Ftags&post=2266"}],"curies":[{"name":"wp","href":"https:\/\/api.w.org\/{rel}","templated":true}]}}