{"id":2310,"date":"2019-05-23T11:19:39","date_gmt":"2019-05-23T09:19:39","guid":{"rendered":"http:\/\/sv-turm-kamp-lintfort.com\/?p=2310"},"modified":"2019-05-23T11:19:39","modified_gmt":"2019-05-23T09:19:39","slug":"saisonabschlussfeier-der-zweiten","status":"publish","type":"post","link":"https:\/\/sv-turm-kamp-lintfort.com\/?p=2310","title":{"rendered":"Saisonabschluss der &#8220;Zweiten&#8221;"},"content":{"rendered":"\n<p>Am 23.05.2019 traf sich die &#8220;Zweite&#8221; zum Saisonabschlussabend. K\u00e4pt&#8217;n Hermann hatte in die Landsch\u00e4nke nach Rayen eingeladen und alle sind gekommen. Es gab ja auch was zu feiern. Wir hatten ja nicht nur den Meistertitel in der Bezirksliga errungen (das sogar ziemlich souver\u00e4n), sondern konnten somit auch den Aufstieg in die Verbandsklasse feiern. Ausschlaggebend f\u00fcr die sehr gute Saison waren nicht nur starke Leistungen am Brett, sondern, wie wir gestern Abend erneut feststellen durften, auch das \u00fcberaus harmonische Mannschaftsgef\u00fcge. Unser Motto &#8220;Pushen und Aufmuntern, statt meckern und kritisieren&#8221; klappte auch in dieser Saison hervorragend.<\/p>\n\n\n\n<p>Bei k\u00fchlen Getr\u00e4nken und leckerem Essen lie\u00dfen wir die Saison noch einmal Revue passieren garniert mit einigen lustigen Anekd\u00f6tchen. Nat\u00fcrlich haben wir auch \u00fcber die kommende Saison gesprochen und unsere Mannschaftsaufstellung ganz demokratisch festgelegt. Diese werden wir dem Vorstand in K\u00fcrze nahelegen.<\/p>\n\n\n\n<p>Auch ein Foto durfte nat\u00fcrlich nicht fehlen.<\/p>\n\n\n\n<p><\/p>\n\n\n\n<figure class=\"wp-block-image\"><img decoding=\"async\" src=\"http:\/\/sv-turm-kamp-lintfort.com\/wp-content\/uploads\/2019\/05\/Foto-Zweite-Meisterfeier-2019.jpg\" alt=\"\" class=\"wp-image-2309\"\/><\/figure>\n\n\n\n<p>von links nach rechts: Thomas Munck &#8220;der Topscorer&#8221;, Florian Heuser &#8220;etwas ungl\u00fccklich&#8221;, Wolfgang Marganiec &#8220;orientierungslos, aber erfolgreich&#8221;, Theo Evertz &#8220;wie immer grundsolide&#8221;, Hans-Peter Dickmann &#8220;ihn muss mal erst mal knicken&#8221;, MF Hermann Baaken &#8220;mit den Damen hat er es nicht so&#8221;, Stephan Heuser &#8220;er kann es ja doch noch&#8221;, Stephan Br\u00e4hler &#8220;in Topform&#8221;, Frieder Brandenbusch &#8221; als Stammersatz eine &#8220;Bank&#8221;, nie war er so wertvoll wie in dieser Saison&#8221;<\/p>\n","protected":false},"excerpt":{"rendered":"<p>Am 23.05.2019 traf sich die &#8220;Zweite&#8221; zum Saisonabschlussabend. K\u00e4pt&#8217;n Hermann hatte in die Landsch\u00e4nke nach Rayen eingeladen und alle sind gekommen. Es gab ja auch was zu feiern. Wir hatten ja nicht nur den Meistertitel in der Bezirksliga errungen (das sogar ziemlich souver\u00e4n), sondern konnten somit auch den Aufstieg in die Verbandsklasse feiern. Ausschlaggebend f\u00fcr [&hellip;]<\/p>\n","protected":false},"author":1,"featured_media":0,"comment_status":"closed","ping_status":"open","sticky":false,"template":"","format":"standard","meta":{"_acf_changed":false,"footnotes":""},"categories":[10],"tags":[],"class_list":["post-2310","post","type-post","status-publish","format-standard","hentry","category-veranstaltungen"],"acf":[],"_links":{"self":[{"href":"https:\/\/sv-turm-kamp-lintfort.com\/index.php?rest_route=\/wp\/v2\/posts\/2310","targetHints":{"allow":["GET"]}}],"collection":[{"href":"https:\/\/sv-turm-kamp-lintfort.com\/index.php?rest_route=\/wp\/v2\/posts"}],"about":[{"href":"https:\/\/sv-turm-kamp-lintfort.com\/index.php?rest_route=\/wp\/v2\/types\/post"}],"author":[{"embeddable":true,"href":"https:\/\/sv-turm-kamp-lintfort.com\/index.php?rest_route=\/wp\/v2\/users\/1"}],"replies":[{"embeddable":true,"href":"https:\/\/sv-turm-kamp-lintfort.com\/index.php?rest_route=%2Fwp%2Fv2%2Fcomments&post=2310"}],"version-history":[{"count":0,"href":"https:\/\/sv-turm-kamp-lintfort.com\/index.php?rest_route=\/wp\/v2\/posts\/2310\/revisions"}],"wp:attachment":[{"href":"https:\/\/sv-turm-kamp-lintfort.com\/index.php?rest_route=%2Fwp%2Fv2%2Fmedia&parent=2310"}],"wp:term":[{"taxonomy":"category","embeddable":true,"href":"https:\/\/sv-turm-kamp-lintfort.com\/index.php?rest_route=%2Fwp%2Fv2%2Fcategories&post=2310"},{"taxonomy":"post_tag","embeddable":true,"href":"https:\/\/sv-turm-kamp-lintfort.com\/index.php?rest_route=%2Fwp%2Fv2%2Ftags&post=2310"}],"curies":[{"name":"wp","href":"https:\/\/api.w.org\/{rel}","templated":true}]}}