{"id":2471,"date":"2019-12-02T17:52:50","date_gmt":"2019-12-02T16:52:50","guid":{"rendered":"http:\/\/sv-turm-kamp-lintfort.com\/?p=2471"},"modified":"2019-12-02T17:52:50","modified_gmt":"2019-12-02T16:52:50","slug":"wir-sind-auf-der-laga","status":"publish","type":"post","link":"https:\/\/sv-turm-kamp-lintfort.com\/?p=2471","title":{"rendered":"Wir sind auf der Laga"},"content":{"rendered":"\n<p>F\u00fcr n\u00e4chstes Jahr im Sommer planen wir eine Veranstaltung zusammen mit den Organisatoren der Landesgartenschau in Kamp-Lintfort. Bei der Veranstaltung wollen wir uns auf dem Zechengel\u00e4nde aufstellen und w\u00fcrden dies gleichzeitig mit einer Tunierrunde verbinden. Wir sind auch auf der Website der Landesgartenschau schon angek\u00fcndigt.<\/p>\n<p><a href=\"https:\/\/www.kamp-lintfort2020.de\/veranstaltungen\/details\/407\">https:\/\/www.kamp-lintfort2020.de\/veranstaltungen\/details\/407<\/a><\/p>\n<p><img decoding=\"async\" id=\"Bild_x0020_1\" class=\"\" src=\"https:\/\/3c-bap.gmx.net\/mail\/client\/attachment\/view\/tmai15dc992e5ec02091\/aW1hZ2UwMDEuanBnQDAxRDVBOTMxLkU4RjI0MUUw;jsessionid=A74E8F52CA47826FBB780037E79C1D52-n4.bap31a\" alt=\"cid:_2_0AA876D00AA874640041D1C9C12582B0\" width=\"230\" height=\"154\" border=\"0\" \/><\/p>\n<p>Daf\u00fcr brauchen wir nat\u00fcrlich auch einige Vereinsmitglieder, die das ganze unterst\u00fctzen. Die Termine sind der 17.05. und 14.06.2020.<\/p>\n<p>Wer daran teilnehmen m\u00f6chte kann sich entweder im Vereinsheim in die aush\u00e4ngende Liste f\u00fcr die Laga eintragen oder Simon Pilz eine kurze Nachricht schreiben unter 0157\/82410793.<\/p>\n<p>An den Tagen sind grunds\u00e4tzlich alle Wilkommen egal ob Vereinsmitglieder oder Nicht.<\/p>\n","protected":false},"excerpt":{"rendered":"","protected":false},"author":1,"featured_media":0,"comment_status":"closed","ping_status":"open","sticky":false,"template":"","format":"standard","meta":{"_acf_changed":false,"footnotes":""},"categories":[12],"tags":[],"class_list":["post-2471","post","type-post","status-publish","format-standard","hentry","category-vereinsnews"],"acf":[],"_links":{"self":[{"href":"https:\/\/sv-turm-kamp-lintfort.com\/index.php?rest_route=\/wp\/v2\/posts\/2471","targetHints":{"allow":["GET"]}}],"collection":[{"href":"https:\/\/sv-turm-kamp-lintfort.com\/index.php?rest_route=\/wp\/v2\/posts"}],"about":[{"href":"https:\/\/sv-turm-kamp-lintfort.com\/index.php?rest_route=\/wp\/v2\/types\/post"}],"author":[{"embeddable":true,"href":"https:\/\/sv-turm-kamp-lintfort.com\/index.php?rest_route=\/wp\/v2\/users\/1"}],"replies":[{"embeddable":true,"href":"https:\/\/sv-turm-kamp-lintfort.com\/index.php?rest_route=%2Fwp%2Fv2%2Fcomments&post=2471"}],"version-history":[{"count":0,"href":"https:\/\/sv-turm-kamp-lintfort.com\/index.php?rest_route=\/wp\/v2\/posts\/2471\/revisions"}],"wp:attachment":[{"href":"https:\/\/sv-turm-kamp-lintfort.com\/index.php?rest_route=%2Fwp%2Fv2%2Fmedia&parent=2471"}],"wp:term":[{"taxonomy":"category","embeddable":true,"href":"https:\/\/sv-turm-kamp-lintfort.com\/index.php?rest_route=%2Fwp%2Fv2%2Fcategories&post=2471"},{"taxonomy":"post_tag","embeddable":true,"href":"https:\/\/sv-turm-kamp-lintfort.com\/index.php?rest_route=%2Fwp%2Fv2%2Ftags&post=2471"}],"curies":[{"name":"wp","href":"https:\/\/api.w.org\/{rel}","templated":true}]}}