{"id":4403,"date":"2023-09-10T03:02:23","date_gmt":"2023-09-10T03:02:23","guid":{"rendered":"https:\/\/sv-turm-kamp-lintfort.com\/?p=4403"},"modified":"2023-09-22T03:04:47","modified_gmt":"2023-09-22T03:04:47","slug":"erste-verliert-das-erste-saisonspiel-knapp","status":"publish","type":"post","link":"https:\/\/sv-turm-kamp-lintfort.com\/?p=4403","title":{"rendered":"Erste verliert das erste Saisonspiel knapp"},"content":{"rendered":"\n<p>Mit einer knappen 3.5 &#8211; 4.5 Niederlage endete das erste Spiel in der NRW Klasse<br>f\u00fcr Turm Kamp-Lintfort gegen die zweite Garnitur des K\u00f6lner SK Dr. Lasker.<br>Das erste Brett ging direkt zu Beginn an den Aufsteiger, da der Gastspieler erkrankt war<br>und nicht gegen Jona Ratering antreten konnte.<br>Zwei solide Remis von Dieter Bosser und Jochen Esser bewahrten zun\u00e4chst die<br>F\u00fchrung f\u00fcr die Gastgeber.<br>Und nachdem Uwe Heinz seine Partei aufgeben musste schlug Dr. Gunter Hagen<br>den starken K\u00f6lner in einer turbulenten Partie und stellte die knappe<br>F\u00fchrung f\u00fcr Turm Kamp-Lintfort wieder her.<br>Dies sollte allerdings der einzige Sieg f\u00fcr die Kamp-Lintforter auf dem Brett bleiben.<br>Wolfgang Marganiec verpasste eine gute Chance zum Konter und nach einem<br>unn\u00f6tigen Damentausch war die Partie verloren.<br>Dr. Christoph Schneider gewann zun\u00e4chst sogar die Qualit\u00e4t, Turm gegen<br>L\u00e4ufer, musste kurz danach aber zulassen, dass die gegnerischen Springer die<br>Partie f\u00fcr den Spieler des K\u00f6lner SK Dr. Lasker entschieden.<br>Jetzt hing alles an der letzten Partie, aber Paul Peschges hatte fr\u00fch einen Bauern<br>verloren, k\u00e4mpfte hervorragend und konnte am Schluss einen verdienten halben Punkt<br>retten. Zu wenig allerdings f\u00fcr den Mannschaftskampf, der knapp verloren ging.<\/p>\n","protected":false},"excerpt":{"rendered":"<p>Mit einer knappen 3.5 &#8211; 4.5 Niederlage endete das erste Spiel in der NRW Klassef\u00fcr Turm Kamp-Lintfort gegen die zweite Garnitur des K\u00f6lner SK Dr. Lasker.Das erste Brett ging direkt zu Beginn an den Aufsteiger, da der Gastspieler erkrankt warund nicht gegen Jona Ratering antreten konnte.Zwei solide Remis von Dieter Bosser und Jochen Esser bewahrten [&hellip;]<\/p>\n","protected":false},"author":1,"featured_media":3306,"comment_status":"open","ping_status":"open","sticky":false,"template":"","format":"standard","meta":{"_acf_changed":false,"footnotes":""},"categories":[13],"tags":[],"class_list":["post-4403","post","type-post","status-publish","format-standard","has-post-thumbnail","hentry","category-mannschaftskaempfe"],"acf":[],"_links":{"self":[{"href":"https:\/\/sv-turm-kamp-lintfort.com\/index.php?rest_route=\/wp\/v2\/posts\/4403","targetHints":{"allow":["GET"]}}],"collection":[{"href":"https:\/\/sv-turm-kamp-lintfort.com\/index.php?rest_route=\/wp\/v2\/posts"}],"about":[{"href":"https:\/\/sv-turm-kamp-lintfort.com\/index.php?rest_route=\/wp\/v2\/types\/post"}],"author":[{"embeddable":true,"href":"https:\/\/sv-turm-kamp-lintfort.com\/index.php?rest_route=\/wp\/v2\/users\/1"}],"replies":[{"embeddable":true,"href":"https:\/\/sv-turm-kamp-lintfort.com\/index.php?rest_route=%2Fwp%2Fv2%2Fcomments&post=4403"}],"version-history":[{"count":1,"href":"https:\/\/sv-turm-kamp-lintfort.com\/index.php?rest_route=\/wp\/v2\/posts\/4403\/revisions"}],"predecessor-version":[{"id":4404,"href":"https:\/\/sv-turm-kamp-lintfort.com\/index.php?rest_route=\/wp\/v2\/posts\/4403\/revisions\/4404"}],"wp:featuredmedia":[{"embeddable":true,"href":"https:\/\/sv-turm-kamp-lintfort.com\/index.php?rest_route=\/wp\/v2\/media\/3306"}],"wp:attachment":[{"href":"https:\/\/sv-turm-kamp-lintfort.com\/index.php?rest_route=%2Fwp%2Fv2%2Fmedia&parent=4403"}],"wp:term":[{"taxonomy":"category","embeddable":true,"href":"https:\/\/sv-turm-kamp-lintfort.com\/index.php?rest_route=%2Fwp%2Fv2%2Fcategories&post=4403"},{"taxonomy":"post_tag","embeddable":true,"href":"https:\/\/sv-turm-kamp-lintfort.com\/index.php?rest_route=%2Fwp%2Fv2%2Ftags&post=4403"}],"curies":[{"name":"wp","href":"https:\/\/api.w.org\/{rel}","templated":true}]}}