{"id":5109,"date":"2025-05-29T00:57:20","date_gmt":"2025-05-29T00:57:20","guid":{"rendered":"https:\/\/sv-turm-kamp-lintfort.com\/?p=5109"},"modified":"2025-05-29T07:19:17","modified_gmt":"2025-05-29T07:19:17","slug":"saisonfazit-2024-2025","status":"publish","type":"post","link":"https:\/\/sv-turm-kamp-lintfort.com\/?p=5109","title":{"rendered":"Saisonfazit 2024\/2025"},"content":{"rendered":"\n<p class=\"has-pale-cyan-blue-background-color has-background\"><strong>Erste Mannschaft (Regionalliga)<\/strong><\/p>\n\n\n\n<p>Nach dem Abstieg aus der NRW-Klasse ging es eigentlich mit einem 4:4 gegen Kempen und einem 4:4 gegen PSV Duisburg recht verhei\u00dfungsvoll in die neue Saison.<\/p>\n\n\n\n<p>Dann folgten aber 5 Niederlagen in Folge und so fand man sich mitten im Abstiegskampf wieder. Den konnte man trotz des Sieges gegen Dinslaken und des 4:4 gegen Erkrath aber nicht mehr verhindern.<\/p>\n\n\n\n<p>Aber so eine Katastrophensaison gibt es immer wieder mal, so ist in der kommenden Saison in der Verbandsliga der Wiederaufstieg geplant.<\/p>\n\n\n\n<p>Sollte sich die Personalsituation wieder auf ein normales Level einpendeln, ist der Aufstieg auch durchaus realistisch.<\/p>\n\n\n\n<p>Aber es gab auch einen Lichtblick, denn der Viererpokal konnte erneut gewonnen werden; zum 2. Mal in Folge, was angesichts der starken Konkurrenz auch keine Selbstverst\u00e4ndlichkeit ist.<\/p>\n\n\n\n<p class=\"has-pale-cyan-blue-background-color has-background\"><strong>Zweite Mannschaft (Bezirksliga)<\/strong><\/p>\n\n\n\n<p>Eine \u00fcberaus gute Saison hat unsere Zweite Mannschaft abgeliefert. Von den m\u00f6glichen 18 Punkten wurden starke 14 Punkte geholt. Gegen Moers 2 wurde knapp verloren (da war mehr drin), gegen die starken Mehrhooger (in der letzten Saison noch gegen verloren) holte man ein 4:4 und auch gegen OSC III, ebenfalls ein Gegner auf Augenh\u00f6he, holte man ein 4:4. Ansonsten gab es nur Siege, die teilweise recht deutlich ausfielen. Letztendlich wurde es f\u00fcr die Zweite ein 4. Platz, punktgleich mit dem Dritten OSC III. Alles in allem sehr zufriedenstellend. <\/p>\n\n\n\n<p class=\"has-pale-cyan-blue-background-color has-background\"><strong>Dritte Mannschaft (Bezirksklasse)<\/strong><\/p>\n\n\n\n<p>Furios startete die Dritte in die Saison. Mit 5 Siegen in Folge setzte man sich an der Tabellenspitze fest. Gab es gegen den Aufstiegskandidaten Wesel III noch eine erwartbare Niederlage, folgte mit dem 0:6 in Dinslaken allerdings ein Desaster. Rechtzeitig wieder in der Spur konnte man in den beiden letzten K\u00e4mpfen aber wieder einen Sieg und ein 2:2 verbuchen.<\/p>\n\n\n\n<p>Aufgrund der besseren Anzahl an Brettpunkten reichte es gegen die punktgleichen Mannschaften aus Dinslaken und Wesel letztendlich zu Platz 2, sodass die Dritte in der kommenden Saison zusammen mit Duisburg-Nord in die Bezirksliga aufsteigt. Nachdem man schon in der letzten Saison trotz Tabellenplatz 1 auf den Aufstieg verzichtet hat, darf sich die junge Truppe nun in der Bezirksliga beweisen.<\/p>\n\n\n\n<p>Gratulation!<\/p>\n\n\n\n<p class=\"has-pale-cyan-blue-background-color has-background\"><strong>Vierte Mannschaft (Bezirksklasse)<\/strong><\/p>\n\n\n\n<p>Ein nahezu unm\u00f6gliches Unterfangen, n\u00e4mlich den Klassenerhalt, gab es f\u00fcr die Vierte, Aufsteiger aus der Kreisliga, zu bew\u00e4ltigen. Und wie zu erwarten war die Vierte Mannschaft chancenlos. Lediglich ein Sieg gegen den SCC Moers sprang heraus. Immerhin bekamen viele Nachwuchsspieler die Gelegenheit, raue Bezirksklassenluft zu schnuppern. Und sie machten es teilweise richtig gut. Aber auch sie konnten letztlich den Abstieg nicht mehr verhindern.<\/p>\n\n\n\n<p class=\"has-pale-cyan-blue-background-color has-background\"><strong>Jugend \u2013 1. Mannschaft (U20-Regionalliga)<\/strong><\/p>\n\n\n\n<p>Unsere 1. Jugendmannschaft erreichte in der U20 Regionalliga den 5. Tabellenplatz und konnte somit in dieser hochklassig besetzten Liga den Abstieg verhindern. Topscorer waren Timon mit 3,5 aus 5 und Semjon mit 4,0 aus 5. F\u00fcr Semjon und Daniel waren es die letzten Spiele in der Jugend! Vielen Dank f\u00fcr Euren Einsatz in den vergangenen Jahren.<\/p>\n\n\n\n<p class=\"has-pale-cyan-blue-background-color has-background\"><strong>Jugend \u2013 2. Mannschaft (Bezirksliga)<\/strong><\/p>\n\n\n\n<p>Die 2. Jugendmannschaft verpasste in der SJ DU\/WES Bezirksliga mit dem 2. Platz knapp den Aufstieg in die Verbandsliga. In dieser Mannschaft hatten viele unserer jungen Talente die M\u00f6glichkeit, erste Erfahrungen zu sammeln. Es kamen insgesamt 10 Spieler (bei 4 Brettern) zum Einsatz. Alexander holt 100% (3\/3), Spitzenleistung!<\/p>\n\n\n\n<p>Im Jugendviererpokal waren wir seit Jahren ungeschlagen und konnten den Pokal mehrmals hintereinander gewinnen. In dieser Saison verloren wir in der 1. Runde knapp gegen sp\u00e4teren Pokalsieger SV Wesel.<\/p>\n\n\n\n<p class=\"has-white-color has-black-background-color has-text-color has-background has-link-color has-large-font-size wp-elements-bc6657e126e2d4fa7ab01f5237c50c35\"><strong>Ausblick Saison 2025\/2026<\/strong><\/p>\n\n\n\n<p>In diesen Klassen spielen unsere Mannschaften:<\/p>\n\n\n\n<ol class=\"wp-block-list\">\n<li><strong>Mannschaft \u2013 Verbandsliga<\/strong><\/li>\n\n\n\n<li><strong>Mannschaft \u2013 Bezirksliga<\/strong><\/li>\n\n\n\n<li><strong>Mannschaft \u2013 Bezirksliga<\/strong><\/li>\n\n\n\n<li><strong>Mannschaft \u2013 Kreisliga<\/strong><\/li>\n<\/ol>\n\n\n\n<p><strong>Jugend 1 &#8211; Regionalliga<\/strong><\/p>\n\n\n\n<p><strong>Jugend 2 \u2013 Bezirksliga<\/strong><\/p>\n\n\n\n<p><em><strong>Zwei 8er-Mannschaften (Zweite + Dritte) in der Bezirksliga. Das wird eine Herausforderung f\u00fcr die Mannschaftsf\u00fchrer!<\/strong><\/em><\/p>\n\n\n\n<h2 class=\"wp-block-heading\">Vielen Dank&#8230;<\/h2>\n\n\n\n<p>Euch allen f\u00fcr Euer Engagement. <\/p>\n\n\n\n<p><strong>Hermann Baaken &#8211; stellvertretend f\u00fcr alle Mannschaftsf\u00fchrer <\/strong><\/p>\n\n\n\n<p><\/p>\n","protected":false},"excerpt":{"rendered":"<p>Erste Mannschaft (Regionalliga) Nach dem Abstieg aus der NRW-Klasse ging es eigentlich mit einem 4:4 gegen Kempen und einem 4:4 gegen PSV Duisburg recht verhei\u00dfungsvoll in die neue Saison. Dann folgten aber 5 Niederlagen in Folge und so fand man sich mitten im Abstiegskampf wieder. Den konnte man trotz des Sieges gegen Dinslaken und des [&hellip;]<\/p>\n","protected":false},"author":1,"featured_media":3810,"comment_status":"open","ping_status":"open","sticky":false,"template":"","format":"standard","meta":{"_acf_changed":false,"footnotes":""},"categories":[13,6],"tags":[],"class_list":["post-5109","post","type-post","status-publish","format-standard","has-post-thumbnail","hentry","category-mannschaftskaempfe","category-spielbetrieb"],"acf":[],"_links":{"self":[{"href":"https:\/\/sv-turm-kamp-lintfort.com\/index.php?rest_route=\/wp\/v2\/posts\/5109","targetHints":{"allow":["GET"]}}],"collection":[{"href":"https:\/\/sv-turm-kamp-lintfort.com\/index.php?rest_route=\/wp\/v2\/posts"}],"about":[{"href":"https:\/\/sv-turm-kamp-lintfort.com\/index.php?rest_route=\/wp\/v2\/types\/post"}],"author":[{"embeddable":true,"href":"https:\/\/sv-turm-kamp-lintfort.com\/index.php?rest_route=\/wp\/v2\/users\/1"}],"replies":[{"embeddable":true,"href":"https:\/\/sv-turm-kamp-lintfort.com\/index.php?rest_route=%2Fwp%2Fv2%2Fcomments&post=5109"}],"version-history":[{"count":5,"href":"https:\/\/sv-turm-kamp-lintfort.com\/index.php?rest_route=\/wp\/v2\/posts\/5109\/revisions"}],"predecessor-version":[{"id":5115,"href":"https:\/\/sv-turm-kamp-lintfort.com\/index.php?rest_route=\/wp\/v2\/posts\/5109\/revisions\/5115"}],"wp:featuredmedia":[{"embeddable":true,"href":"https:\/\/sv-turm-kamp-lintfort.com\/index.php?rest_route=\/wp\/v2\/media\/3810"}],"wp:attachment":[{"href":"https:\/\/sv-turm-kamp-lintfort.com\/index.php?rest_route=%2Fwp%2Fv2%2Fmedia&parent=5109"}],"wp:term":[{"taxonomy":"category","embeddable":true,"href":"https:\/\/sv-turm-kamp-lintfort.com\/index.php?rest_route=%2Fwp%2Fv2%2Fcategories&post=5109"},{"taxonomy":"post_tag","embeddable":true,"href":"https:\/\/sv-turm-kamp-lintfort.com\/index.php?rest_route=%2Fwp%2Fv2%2Ftags&post=5109"}],"curies":[{"name":"wp","href":"https:\/\/api.w.org\/{rel}","templated":true}]}}